{"id":6231,"date":"2014-01-25T15:13:00","date_gmt":"2014-01-25T14:13:00","guid":{"rendered":"https:\/\/blog.lastsword.com\/miniatura-de-la-semana-regimiento-de-renombre-cabezas-de-la-muerte-deaths-heads-of-ostermark\/"},"modified":"2017-12-06T23:15:59","modified_gmt":"2017-12-06T22:15:59","slug":"regimiento-renombre-cabezas-muerte-death-heads-warhammer-empire-ostermarck","status":"publish","type":"post","link":"https:\/\/blog.lastsword.com\/es\/regimiento-renombre-cabezas-muerte-death-heads-warhammer-empire-ostermarck\/","title":{"rendered":"Cabezas de la Muerte (Death&#8217;s Heads of Ostermark)"},"content":{"rendered":"<div style=\"text-align: justify;\">\n<div style=\"clear: both; text-align: center;\"><a href=\"https:\/\/blog.lastsword.com\/es\/regimiento-renombre-cabezas-muerte-death-heads-warhammer-empire-ostermarck\/\"><img fetchpriority=\"high\" decoding=\"async\" src=\"https:\/\/blog.lastsword.com\/wp-content\/uploads\/2014\/01\/Portada-Imperio-Mercenarios-cabezas-muerte-regimiento-renombre-Ostermark-Warhammer-Empire-300x128.jpg\" alt=\"https:\/\/blog.lastsword.com\/miniatura-de-la-semana-regimiento-de-renombre-cabezas-de-la-muerte-deaths-heads-of-ostermark\/\" width=\"500\" height=\"214\" border=\"0\" \/><\/a><\/div>\n<p><span style=\"color: #666666; font-family: Arial, Helvetica, sans-serif;\"><br \/>\n<\/span><\/p>\n<\/div>\n<div style=\"text-align: justify;\"><span style=\"color: #666666; font-family: Arial, Helvetica, sans-serif;\">Hoy os queremos mostrar un trabajo que llam\u00f3 mucho nuestra atenci\u00f3n, y as\u00ed tambi\u00e9n reconocer el esfuerzo de los que van un poco m\u00e1s all\u00e1 con sus miniaturas. Visitando webs de aficionados como nosotros hemos dado con este <b>Regimiento de Renombre<\/b>: <b>Death&#8217;s Heads of Ostermark<\/b>, una peque\u00f1a joya de la que su creador puede estar m\u00e1s que orgulloso.<\/span><\/div>\n<div style=\"text-align: justify;\"><span style=\"color: #666666; font-family: Arial, Helvetica, sans-serif;\">\u00a0<\/span><\/div>\n<p><a name=\"more\"><\/a><span style=\"color: #666666;\"><br \/>\n<\/span><\/p>\n<div style=\"text-align: justify;\"><span style=\"color: #666666;\"><span style=\"font-family: Arial, Helvetica, sans-serif;\">Creemos que <\/span><a style=\"font-family: Arial, Helvetica, sans-serif;\" href=\"http:\/\/taleoffourgeeks.co.uk\/?author=3\">Jon Kerr<\/a><span style=\"font-family: Arial, Helvetica, sans-serif;\"> ha hecho un estupendo trabajo conversionando tropas imperiales con cabezas de necrones, para representar las mascaras con la que esconde su identidad lo miembros de esta unidad especialista en la lucha contra los no muertos de la vecina Silvanya.<\/span><\/span><\/div>\n<div style=\"text-align: justify;\"><\/div>\n<div style=\"text-align: justify;\"><span style=\"color: #666666; font-family: Arial, Helvetica, sans-serif;\">Nos gustar\u00eda resaltar en particular tres aspectos:<\/span><\/div>\n<div style=\"text-align: justify;\"><span style=\"color: #666666; font-family: Arial, Helvetica, sans-serif;\">\u00a0<\/span><\/div>\n<div style=\"text-align: justify;\"><span style=\"color: #666666; font-family: Arial, Helvetica, sans-serif;\">En primer lugar la simple, pero s\u00f3lida historia del regimiento. Sin duda poder presentar de estar forma tus miniaturas las imprime de un car\u00e1cter que de otra forma es dif\u00edcil que adquieran.<\/span><\/div>\n<div style=\"text-align: justify;\"><span style=\"color: #666666; font-family: Arial, Helvetica, sans-serif;\">\u00a0<\/span><\/div>\n<div style=\"text-align: justify;\"><span style=\"color: #666666; font-family: Arial, Helvetica, sans-serif;\">En segundo lugar la acertada elecci\u00f3n de colores. Aunque estos estuvieran condicionados por el trasfondo<\/span><span style=\"color: #666666; font-family: Arial, Helvetica, sans-serif;\">,\u00a0<\/span><span style=\"color: #666666; font-family: Arial, Helvetica, sans-serif;\">la forma de aplicarlos es brillante. el negro y el rojo son fos colores muy complicados de aplicar \u00a0por separado. pero juntos\u00a0todav\u00eda\u00a0mas, ya que el rojo tiende a perder su brillo.\u00a0Aqu\u00ed\u00a0el resultado es magistral.<\/span><\/div>\n<div style=\"text-align: justify;\"><span style=\"color: #666666; font-family: Arial, Helvetica, sans-serif;\">\u00a0<\/span><\/div>\n<div style=\"text-align: justify;\"><span style=\"color: #666666; font-family: Arial, Helvetica, sans-serif;\">Y en tercer lugar, la peana. Un tronco por base es algo que uno pudiera esperar de un Asrai, pero no regimiento imperial. Adem\u00e1s ha sabido integrar en el muy \u00a0bien la estatua que nos recuerda ciertamente a los jardines de Morr. Y por \u00faltimo, la ficha identificativa nos parece muy apropiada y estupendamente integrada en la madera.<\/span><\/div>\n<div style=\"text-align: justify;\"><span style=\"color: #666666; font-family: Arial, Helvetica, sans-serif;\">\u00a0<\/span><\/div>\n<div style=\"clear: both; text-align: center;\"><a style=\"margin-left: 1em; margin-right: 1em;\" href=\"https:\/\/blog.lastsword.com\/wp-content\/uploads\/blogger\/-TYFYlSHXD34\/UtMo9cZxEYI\/AAAAAAAAAMw\/39CZojXnwmA\/s1600\/Imperio-Mercenarios-Vespero-Ostermark-Warhammer-Empire.jpg\"><img decoding=\"async\" title=\"Imperio-Mercenarios-Vespero-Ostermark-Warhammer-Empire-1\" src=\"https:\/\/blog.lastsword.com\/wp-content\/uploads\/blogger\/-TYFYlSHXD34\/UtMo9cZxEYI\/AAAAAAAAAMw\/39CZojXnwmA\/s1600\/Imperio-Mercenarios-Vespero-Ostermark-Warhammer-Empire.jpg\" alt=\"Imperio-Mercenarios-Vespero-Ostermark-Warhammer-Empire-1\" width=\"480\" height=\"640\" border=\"0\" \/><\/a><\/div>\n<div style=\"clear: both; text-align: center;\"><\/div>\n<div style=\"clear: both; text-align: center;\"><a style=\"margin-left: 1em; margin-right: 1em;\" href=\"https:\/\/blog.lastsword.com\/wp-content\/uploads\/blogger\/-xQlKezPaM4o\/UtMpq4QS0wI\/AAAAAAAAAM4\/EvqIrJqlTXw\/s1600\/Imperio-Vespero-Mercenarios-Ostermark-Warhammer-Empire.jpg\"><img decoding=\"async\" title=\"Imperio-Vespero-Mercenarios-Ostermark-Warhammer-Empire-2\" src=\"https:\/\/blog.lastsword.com\/wp-content\/uploads\/blogger\/-xQlKezPaM4o\/UtMpq4QS0wI\/AAAAAAAAAM4\/EvqIrJqlTXw\/s1600\/Imperio-Vespero-Mercenarios-Ostermark-Warhammer-Empire.jpg\" alt=\"Imperio-Vespero-Mercenarios-Ostermark-Warhammer-Empire-2\" width=\"400\" height=\"300\" border=\"0\" \/><\/a><\/div>\n<div style=\"clear: both; text-align: center;\"><\/div>\n<div style=\"clear: both; text-align: center;\"><a style=\"margin-left: 1em; margin-right: 1em;\" href=\"https:\/\/blog.lastsword.com\/wp-content\/uploads\/blogger\/-SIfgNPWFf8w\/UtMqjs5_zXI\/AAAAAAAAANA\/yq88fR-XKDE\/s1600\/Imperio-Vespero-Ostermark-Mercenarios-Warhammer-Empire.jpg\"><img loading=\"lazy\" decoding=\"async\" title=\"Imperio-Vespero-Ostermark-Mercenarios-Warhammer-Empire-3\" src=\"https:\/\/blog.lastsword.com\/wp-content\/uploads\/blogger\/-SIfgNPWFf8w\/UtMqjs5_zXI\/AAAAAAAAANA\/yq88fR-XKDE\/s1600\/Imperio-Vespero-Ostermark-Mercenarios-Warhammer-Empire.jpg\" alt=\"Imperio-Vespero-Ostermark-Mercenarios-Warhammer-Empire-3\" width=\"400\" height=\"300\" border=\"0\" \/><\/a><\/div>\n<div style=\"clear: both; text-align: center;\"><\/div>\n<div style=\"clear: both; text-align: center;\"><\/div>\n<div style=\"text-align: justify;\"><span style=\"color: #666666; font-family: Arial, Helvetica, sans-serif;\">Adem\u00e1s tiene el detalle de mostrarnos en como fue el proceso, lo cu\u00e1l agradecemos much\u00edsimo al dejarnos la puerta abierta para emular algunas de sus ideas.<\/span><br \/>\n<span style=\"color: #666666; font-family: Arial, Helvetica, sans-serif;\"><br \/>\n<\/span><span style=\"color: #666666; font-family: Arial, Helvetica, sans-serif;\">Esperamosq ue os gusten tanto como a nostros<\/span><\/div>\n<div style=\"text-align: justify;\"><span style=\"color: #666666; font-family: Arial, Helvetica, sans-serif;\">\u00a0<\/span><\/div>\n<div style=\"text-align: justify;\"><span style=\"color: #666666; font-family: Arial, Helvetica, sans-serif;\">\u00a0<\/span><\/div>\n<div style=\"text-align: justify;\"><span style=\"color: #666666; font-family: Arial, Helvetica, sans-serif;\">\u00a0<\/span><\/div>\n<div style=\"text-align: justify;\"><span style=\"color: #666666; font-family: Arial, Helvetica, sans-serif;\">\u00a0<\/span><\/div>\n","protected":false},"excerpt":{"rendered":"<p>Hoy os queremos mostrar un trabajo que llam\u00f3 mucho nuestra atenci\u00f3n, y as\u00ed tambi\u00e9n reconocer el esfuerzo de los que van un poco m\u00e1s all\u00e1 con sus miniaturas. Visitando webs de aficionados como nosotros hemos dado con este Regimiento de Renombre: Death&#8217;s Heads of Ostermark, una peque\u00f1a joya de la que su creador puede estar m\u00e1s que orgulloso. \u00a0 Creemos que Jon Kerr ha hecho un estupendo trabajo conversionando tropas imperiales con cabezas de necrones, para representar las mascaras con la que esconde su identidad lo miembros de esta [&hellip;]<\/p>\n","protected":false},"author":2,"featured_media":6771,"comment_status":"open","ping_status":"open","sticky":false,"template":"","format":"standard","meta":{"footnotes":""},"categories":[1],"tags":[],"yoast_head":"<!-- This site is optimized with the Yoast SEO plugin v22.0 - https:\/\/yoast.com\/wordpress\/plugins\/seo\/ -->\n<title>Regimiento de Renombre: Cabezas de la Muerte (Death\u2019s Heads of Ostermark) | LastSword Forge<\/title>\n<meta name=\"description\" content=\"conversiones de Miniatura de la semana: Regimiento de Renombre: Cabezas de la Muerte (Death\u2019s Heads of Ostermark) del imperio\" \/>\n<meta name=\"robots\" content=\"index, follow, max-snippet:-1, max-image-preview:large, max-video-preview:-1\" \/>\n<link rel=\"canonical\" href=\"https:\/\/blog.lastsword.com\/es\/regimiento-renombre-cabezas-muerte-death-heads-warhammer-empire-ostermarck\/\" \/>\n<meta property=\"og:locale\" content=\"es_ES\" \/>\n<meta property=\"og:type\" content=\"article\" \/>\n<meta property=\"og:title\" content=\"Regimiento de Renombre: Cabezas de la Muerte (Death\u2019s Heads of Ostermark) | LastSword Forge\" \/>\n<meta property=\"og:description\" content=\"conversiones de Miniatura de la semana: Regimiento de Renombre: Cabezas de la Muerte (Death\u2019s Heads of Ostermark) del imperio\" \/>\n<meta property=\"og:url\" content=\"https:\/\/blog.lastsword.com\/es\/regimiento-renombre-cabezas-muerte-death-heads-warhammer-empire-ostermarck\/\" \/>\n<meta property=\"og:site_name\" content=\"LastSword Forge\" \/>\n<meta property=\"article:published_time\" content=\"2014-01-25T14:13:00+00:00\" \/>\n<meta property=\"article:modified_time\" content=\"2017-12-06T22:15:59+00:00\" \/>\n<meta property=\"og:image\" content=\"https:\/\/blog.lastsword.com\/wp-content\/uploads\/2014\/01\/Portada-Imperio-Mercenarios-cabezas-muerte-regimiento-renombre-Ostermark-Warhammer-Empire.jpg\" \/>\n\t<meta property=\"og:image:width\" content=\"500\" \/>\n\t<meta property=\"og:image:height\" content=\"214\" \/>\n\t<meta property=\"og:image:type\" content=\"image\/jpeg\" \/>\n<meta name=\"author\" content=\"Comi Mec\" \/>\n<meta name=\"twitter:card\" content=\"summary_large_image\" \/>\n<meta name=\"twitter:label1\" content=\"Escrito por\" \/>\n\t<meta name=\"twitter:data1\" content=\"Comi Mec\" \/>\n\t<meta name=\"twitter:label2\" content=\"Tiempo de lectura\" \/>\n\t<meta name=\"twitter:data2\" content=\"2 minutos\" \/>\n<script type=\"application\/ld+json\" class=\"yoast-schema-graph\">{\"@context\":\"https:\/\/schema.org\",\"@graph\":[{\"@type\":\"WebPage\",\"@id\":\"https:\/\/blog.lastsword.com\/es\/regimiento-renombre-cabezas-muerte-death-heads-warhammer-empire-ostermarck\/\",\"url\":\"https:\/\/blog.lastsword.com\/es\/regimiento-renombre-cabezas-muerte-death-heads-warhammer-empire-ostermarck\/\",\"name\":\"Regimiento de Renombre: Cabezas de la Muerte (Death\u2019s Heads of Ostermark) | LastSword Forge\",\"isPartOf\":{\"@id\":\"https:\/\/blog.lastsword.com\/es\/#website\"},\"datePublished\":\"2014-01-25T14:13:00+00:00\",\"dateModified\":\"2017-12-06T22:15:59+00:00\",\"author\":{\"@id\":\"https:\/\/blog.lastsword.com\/es\/#\/schema\/person\/d49238a45384cc4eb948dcc60ec548d8\"},\"description\":\"conversiones de Miniatura de la semana: Regimiento de Renombre: Cabezas de la Muerte (Death\u2019s Heads of Ostermark) del imperio\",\"breadcrumb\":{\"@id\":\"https:\/\/blog.lastsword.com\/es\/regimiento-renombre-cabezas-muerte-death-heads-warhammer-empire-ostermarck\/#breadcrumb\"},\"inLanguage\":\"es\",\"potentialAction\":[{\"@type\":\"ReadAction\",\"target\":[\"https:\/\/blog.lastsword.com\/es\/regimiento-renombre-cabezas-muerte-death-heads-warhammer-empire-ostermarck\/\"]}]},{\"@type\":\"BreadcrumbList\",\"@id\":\"https:\/\/blog.lastsword.com\/es\/regimiento-renombre-cabezas-muerte-death-heads-warhammer-empire-ostermarck\/#breadcrumb\",\"itemListElement\":[{\"@type\":\"ListItem\",\"position\":1,\"name\":\"Home\",\"item\":\"https:\/\/blog.lastsword.com\/es\/\"},{\"@type\":\"ListItem\",\"position\":2,\"name\":\"Cabezas de la Muerte (Death&#8217;s Heads of Ostermark)\"}]},{\"@type\":\"WebSite\",\"@id\":\"https:\/\/blog.lastsword.com\/es\/#website\",\"url\":\"https:\/\/blog.lastsword.com\/es\/\",\"name\":\"LastSword Forge\",\"description\":\"News about Miniatures &amp; Wargames\",\"potentialAction\":[{\"@type\":\"SearchAction\",\"target\":{\"@type\":\"EntryPoint\",\"urlTemplate\":\"https:\/\/blog.lastsword.com\/es\/?s={search_term_string}\"},\"query-input\":\"required name=search_term_string\"}],\"inLanguage\":\"es\"},{\"@type\":\"Person\",\"@id\":\"https:\/\/blog.lastsword.com\/es\/#\/schema\/person\/d49238a45384cc4eb948dcc60ec548d8\",\"name\":\"Comi Mec\",\"image\":{\"@type\":\"ImageObject\",\"inLanguage\":\"es\",\"@id\":\"https:\/\/blog.lastsword.com\/es\/#\/schema\/person\/image\/\",\"url\":\"https:\/\/secure.gravatar.com\/avatar\/ad516503a11cd5ca435acc9bb6523536?s=150&#038;d=mm&#038;r=gforcedefault=1\",\"contentUrl\":\"https:\/\/secure.gravatar.com\/avatar\/ad516503a11cd5ca435acc9bb6523536?s=150&#038;d=mm&#038;r=gforcedefault=1\",\"caption\":\"Comi Mec\"},\"description\":\"Es quien a trav\u00e9s de un continuo proceso de aprendizaje elabora la escenograf\u00eda del blog. Adem\u00e1s se encarga de la traducci\u00f3n de los post y su difusi\u00f3n en Internet.Este es \\\"El taller\\\" en donde se realiza gran parte de la escenograf\u00eda que os mostramos en El Canto de las Espadas. La verdad es que nos gustar\u00eda tener un espacio m\u00e1s amplio y conservarlo algo m\u00e1s ordenado, pero...\",\"url\":\"https:\/\/blog.lastsword.com\/es\/author\/comisariosam\/\"}]}<\/script>\n<!-- \/ Yoast SEO plugin. -->","yoast_head_json":{"title":"Regimiento de Renombre: Cabezas de la Muerte (Death\u2019s Heads of Ostermark) | LastSword Forge","description":"conversiones de Miniatura de la semana: Regimiento de Renombre: Cabezas de la Muerte (Death\u2019s Heads of Ostermark) del imperio","robots":{"index":"index","follow":"follow","max-snippet":"max-snippet:-1","max-image-preview":"max-image-preview:large","max-video-preview":"max-video-preview:-1"},"canonical":"https:\/\/blog.lastsword.com\/es\/regimiento-renombre-cabezas-muerte-death-heads-warhammer-empire-ostermarck\/","og_locale":"es_ES","og_type":"article","og_title":"Regimiento de Renombre: Cabezas de la Muerte (Death\u2019s Heads of Ostermark) | LastSword Forge","og_description":"conversiones de Miniatura de la semana: Regimiento de Renombre: Cabezas de la Muerte (Death\u2019s Heads of Ostermark) del imperio","og_url":"https:\/\/blog.lastsword.com\/es\/regimiento-renombre-cabezas-muerte-death-heads-warhammer-empire-ostermarck\/","og_site_name":"LastSword Forge","article_published_time":"2014-01-25T14:13:00+00:00","article_modified_time":"2017-12-06T22:15:59+00:00","og_image":[{"width":500,"height":214,"url":"https:\/\/blog.lastsword.com\/wp-content\/uploads\/2014\/01\/Portada-Imperio-Mercenarios-cabezas-muerte-regimiento-renombre-Ostermark-Warhammer-Empire.jpg","type":"image\/jpeg"}],"author":"Comi Mec","twitter_card":"summary_large_image","twitter_misc":{"Escrito por":"Comi Mec","Tiempo de lectura":"2 minutos"},"schema":{"@context":"https:\/\/schema.org","@graph":[{"@type":"WebPage","@id":"https:\/\/blog.lastsword.com\/es\/regimiento-renombre-cabezas-muerte-death-heads-warhammer-empire-ostermarck\/","url":"https:\/\/blog.lastsword.com\/es\/regimiento-renombre-cabezas-muerte-death-heads-warhammer-empire-ostermarck\/","name":"Regimiento de Renombre: Cabezas de la Muerte (Death\u2019s Heads of Ostermark) | LastSword Forge","isPartOf":{"@id":"https:\/\/blog.lastsword.com\/es\/#website"},"datePublished":"2014-01-25T14:13:00+00:00","dateModified":"2017-12-06T22:15:59+00:00","author":{"@id":"https:\/\/blog.lastsword.com\/es\/#\/schema\/person\/d49238a45384cc4eb948dcc60ec548d8"},"description":"conversiones de Miniatura de la semana: Regimiento de Renombre: Cabezas de la Muerte (Death\u2019s Heads of Ostermark) del imperio","breadcrumb":{"@id":"https:\/\/blog.lastsword.com\/es\/regimiento-renombre-cabezas-muerte-death-heads-warhammer-empire-ostermarck\/#breadcrumb"},"inLanguage":"es","potentialAction":[{"@type":"ReadAction","target":["https:\/\/blog.lastsword.com\/es\/regimiento-renombre-cabezas-muerte-death-heads-warhammer-empire-ostermarck\/"]}]},{"@type":"BreadcrumbList","@id":"https:\/\/blog.lastsword.com\/es\/regimiento-renombre-cabezas-muerte-death-heads-warhammer-empire-ostermarck\/#breadcrumb","itemListElement":[{"@type":"ListItem","position":1,"name":"Home","item":"https:\/\/blog.lastsword.com\/es\/"},{"@type":"ListItem","position":2,"name":"Cabezas de la Muerte (Death&#8217;s Heads of Ostermark)"}]},{"@type":"WebSite","@id":"https:\/\/blog.lastsword.com\/es\/#website","url":"https:\/\/blog.lastsword.com\/es\/","name":"LastSword Forge","description":"News about Miniatures &amp; Wargames","potentialAction":[{"@type":"SearchAction","target":{"@type":"EntryPoint","urlTemplate":"https:\/\/blog.lastsword.com\/es\/?s={search_term_string}"},"query-input":"required name=search_term_string"}],"inLanguage":"es"},{"@type":"Person","@id":"https:\/\/blog.lastsword.com\/es\/#\/schema\/person\/d49238a45384cc4eb948dcc60ec548d8","name":"Comi Mec","image":{"@type":"ImageObject","inLanguage":"es","@id":"https:\/\/blog.lastsword.com\/es\/#\/schema\/person\/image\/","url":"https:\/\/secure.gravatar.com\/avatar\/ad516503a11cd5ca435acc9bb6523536?s=150&#038;d=mm&#038;r=gforcedefault=1","contentUrl":"https:\/\/secure.gravatar.com\/avatar\/ad516503a11cd5ca435acc9bb6523536?s=150&#038;d=mm&#038;r=gforcedefault=1","caption":"Comi Mec"},"description":"Es quien a trav\u00e9s de un continuo proceso de aprendizaje elabora la escenograf\u00eda del blog. Adem\u00e1s se encarga de la traducci\u00f3n de los post y su difusi\u00f3n en Internet.Este es \"El taller\" en donde se realiza gran parte de la escenograf\u00eda que os mostramos en El Canto de las Espadas. La verdad es que nos gustar\u00eda tener un espacio m\u00e1s amplio y conservarlo algo m\u00e1s ordenado, pero...","url":"https:\/\/blog.lastsword.com\/es\/author\/comisariosam\/"}]}},"_links":{"self":[{"href":"https:\/\/blog.lastsword.com\/es\/wp-json\/wp\/v2\/posts\/6231"}],"collection":[{"href":"https:\/\/blog.lastsword.com\/es\/wp-json\/wp\/v2\/posts"}],"about":[{"href":"https:\/\/blog.lastsword.com\/es\/wp-json\/wp\/v2\/types\/post"}],"author":[{"embeddable":true,"href":"https:\/\/blog.lastsword.com\/es\/wp-json\/wp\/v2\/users\/2"}],"replies":[{"embeddable":true,"href":"https:\/\/blog.lastsword.com\/es\/wp-json\/wp\/v2\/comments?post=6231"}],"version-history":[{"count":4,"href":"https:\/\/blog.lastsword.com\/es\/wp-json\/wp\/v2\/posts\/6231\/revisions"}],"predecessor-version":[{"id":16149,"href":"https:\/\/blog.lastsword.com\/es\/wp-json\/wp\/v2\/posts\/6231\/revisions\/16149"}],"wp:featuredmedia":[{"embeddable":true,"href":"https:\/\/blog.lastsword.com\/es\/wp-json\/wp\/v2\/media\/6771"}],"wp:attachment":[{"href":"https:\/\/blog.lastsword.com\/es\/wp-json\/wp\/v2\/media?parent=6231"}],"wp:term":[{"taxonomy":"category","embeddable":true,"href":"https:\/\/blog.lastsword.com\/es\/wp-json\/wp\/v2\/categories?post=6231"},{"taxonomy":"post_tag","embeddable":true,"href":"https:\/\/blog.lastsword.com\/es\/wp-json\/wp\/v2\/tags?post=6231"}],"curies":[{"name":"wp","href":"https:\/\/api.w.org\/{rel}","templated":true}]}}