{"id":6246,"date":"2013-12-15T14:11:00","date_gmt":"2013-12-15T13:11:00","guid":{"rendered":"https:\/\/blog.lastsword.com\/miniatura-de-la-semana-thranduil-y-los-elfos-de-la-guardia-de-palacio-del-bosque-negro\/"},"modified":"2017-12-06T23:10:08","modified_gmt":"2017-12-06T22:10:08","slug":"la-miniatura-de-la-semana-thranduil-y","status":"publish","type":"post","link":"https:\/\/blog.lastsword.com\/es\/la-miniatura-de-la-semana-thranduil-y\/","title":{"rendered":"Thranduil y los elfos de la Guardia de Palacio del Bosque Negro"},"content":{"rendered":"<div style=\"clear: both; text-align: center;\"><a href=\"https:\/\/blog.lastsword.com\/es\/la-miniatura-de-la-semana-thranduil-y\/\"><img fetchpriority=\"high\" decoding=\"async\" src=\"https:\/\/blog.lastsword.com\/wp-content\/uploads\/2013\/12\/portada-elfos-bosque-negro-hobbit-smaug-300x128.jpg\" width=\"500\" height=\"214\" border=\"0\" \/><\/a><\/div>\n<div style=\"text-align: justify;\"><\/div>\n<div style=\"text-align: justify;\"><span style=\"color: #666666; font-family: Arial, Helvetica, sans-serif;\">A\u00fan con del estreno de <b>El Hobbit: la Desolaci\u00f3n de Smaug<\/b> en la cabeza, la entrada de hoy esta dedicada a las miniaturas de los<b> Elfos del Bosque Negro<\/b>. Hemos escogido una parte de la colecci\u00f3n del\u00a0<a href=\"http:\/\/jomada-adventures.blogspot.com.es\/2013\/12\/into-mirkwood.html\">Blog jomada-adventures<\/a>.\u00a0Ya os hemos hablado anteriormente de ellos elogiando tanto a <b><a href=\"https:\/\/blog.lastsword.com\/es\/compania-thorim-escudo-roble-hobbit\/\">La Compa\u00f1\u00eda de Thorin Escudo de Roble<\/a><\/b>\u00a0como al \u00a0impresionante <b><a href=\"https:\/\/blog.lastsword.com\/es\/la-miniatura-de-la-semana-la-casa-de\/\">Ej\u00e9rcito de la Casa de Mormont<\/a><\/b>.<\/span><\/div>\n<div style=\"text-align: justify;\"><span style=\"font-family: Arial, Helvetica, sans-serif;\"><span style=\"color: #666666;\">\u00a0<\/span><\/span><\/div>\n<p><a name=\"more\"><\/a><\/p>\n<div style=\"text-align: justify;\"><span style=\"font-family: Arial, Helvetica, sans-serif;\">\u00a0<\/span><\/div>\n<div style=\"text-align: justify;\"><span style=\"color: #666666; font-family: Arial, Helvetica, sans-serif;\">Las miniaturas de <b>El Se\u00f1or de los Anillos<\/b> han sido muy duramente criticadas \u00faltimamente en la globosfera, sobre todo por la escultura. Lo cierto es que nosotros no compartimos esas opiniones.<\/span><\/div>\n<div style=\"text-align: justify;\"><span style=\"color: #666666; font-family: Arial, Helvetica, sans-serif;\">\u00a0<\/span><\/div>\n<div style=\"text-align: justify;\"><span style=\"color: #666666; font-family: Arial, Helvetica, sans-serif;\">Jomada-Adventures ha demostrado que con un buen pintado y una adecuada elecci\u00f3n de color las figuras tiene muchas posibilidades. Adem\u00e1s las figuras de hoy no solo cumplen estos requisitos si no que lo hacen de una forma excepcional, con una pintura muy limpia y un tratamiento del color exquisito, haciendo de ellas grandes piezas.<\/span><\/div>\n<div style=\"text-align: justify;\"><\/div>\n<p>&nbsp;<\/p>\n<div style=\"text-align: justify;\"><span style=\"background-color: white; color: #666666; font-family: Arial, Helvetica, sans-serif; line-height: 17px;\">Creemos que tanto Marck como\u00a0<\/span><span style=\"background-color: white; color: #666666; font-family: Arial, Helvetica, sans-serif; line-height: 17px;\">HVM han conseguido<\/span><span style=\"background-color: white; color: #666666; font-family: Arial, Helvetica, sans-serif; line-height: 17px;\"> con su trabajo aquello que la propia Games Workshop no ha logrado en la presentaci\u00f3n de las miniaturas. Y es que a trav\u00e9s de la pintura, el escenario y el fondo nos ha cautivado.<\/span><\/div>\n<div style=\"text-align: justify;\"><span style=\"background-color: white; color: #666666; font-family: Arial, Helvetica, sans-serif; line-height: 17px;\">\u00a0<\/span><\/div>\n<div style=\"text-align: justify;\"><span style=\"background-color: white; color: #666666; font-family: Arial, Helvetica, sans-serif; line-height: 17px;\">Por que lo cierto es que no solo tenemos que elogiar la pintura, si no tambi\u00e9n la fotograf\u00eda que a fin de cuentas es la presentaci\u00f3n de las propias miniaturas, algo que a veces se olvida.<\/span><\/div>\n<div style=\"text-align: justify;\"><span style=\"background-color: white;\"><span style=\"color: #666666; font-family: Arial, Helvetica, sans-serif;\"><span style=\"line-height: 17px;\">\u00a0<\/span><\/span><\/span><\/div>\n<div style=\"text-align: justify;\"><span style=\"background-color: white;\"><span style=\"color: #666666; font-family: Arial, Helvetica, sans-serif; line-height: 17px;\">La escena capta a la perfecci\u00f3n la nobleza de la raza \u00e9lfica y permite atisbar ese aire siniestro de los<\/span><b style=\"color: #666666; font-family: Arial, Helvetica, sans-serif; line-height: 17px;\">\u00a0Elfos del Bosque Negro.<\/b><\/span><\/div>\n<div style=\"text-align: justify;\"><span style=\"background-color: white;\"><b style=\"color: #666666; font-family: Arial, Helvetica, sans-serif; line-height: 17px;\">\u00a0<\/b><\/span><\/div>\n<div style=\"clear: both; text-align: center;\"><a style=\"margin-left: 1em; margin-right: 1em;\" href=\"https:\/\/blog.lastsword.com\/wp-content\/uploads\/blogger\/-Kr79kwylWeU\/Uq2xGCySVaI\/AAAAAAAAACI\/DpSBl4g2p7k\/s1600\/elfos-guardia-palacio-hobbit-smaught-bosque-negro.jpg\"><img decoding=\"async\" title=\"elfos-bosque-negro-hobbit-se\u00f1or-anillos-guardia-palacio\" src=\"https:\/\/blog.lastsword.com\/wp-content\/uploads\/blogger\/-Kr79kwylWeU\/Uq2xGCySVaI\/AAAAAAAAACI\/DpSBl4g2p7k\/s400\/elfos-guardia-palacio-hobbit-smaught-bosque-negro.jpg\" alt=\"elfos-bosque-negro-hobbit-se\u00f1or-anillos-guardia-palacio\" width=\"400\" height=\"222\" border=\"0\" \/><\/a><\/div>\n<div style=\"text-align: justify;\"><span style=\"background-color: white;\"><b style=\"color: #666666; font-family: Arial, Helvetica, sans-serif; line-height: 17px;\">\u00a0<\/b><\/span><\/div>\n<div style=\"text-align: justify;\"><span style=\"background-color: white;\"><span style=\"color: #666666; font-family: Arial, Helvetica, sans-serif;\"><span style=\"line-height: 17px;\">Y todo esto se ha logrado especialmente en la figura de el <b>Rey Thranduil<\/b> (Marck), digno representante de esp\u00edritu de su pueblo.<\/span><\/span><\/span><\/div>\n<div style=\"text-align: justify;\"><span style=\"background-color: white;\"><span style=\"color: #666666; font-family: Arial, Helvetica, sans-serif;\"><span style=\"line-height: 17px;\">\u00a0<\/span><\/span><\/span><\/div>\n<div style=\"clear: both; text-align: center;\"><a style=\"margin-left: 1em; margin-right: 1em;\" href=\"https:\/\/blog.lastsword.com\/wp-content\/uploads\/blogger\/-VYmOgH0S2cY\/Uq2xOJJq2XI\/AAAAAAAAACY\/ElugAgSw2YU\/s1600\/elfos-Thranduil-legolas-rey-hobbit-smaught-bosque-negro.jpg\"><img decoding=\"async\" title=\"elfos-bosque-negro-hobbit-se\u00f1or-anillos-guardia-palacio-thranduil\" src=\"https:\/\/blog.lastsword.com\/wp-content\/uploads\/blogger\/-VYmOgH0S2cY\/Uq2xOJJq2XI\/AAAAAAAAACY\/ElugAgSw2YU\/s400\/elfos-Thranduil-legolas-rey-hobbit-smaught-bosque-negro.jpg\" alt=\"elfos-bosque-negro-hobbit-se\u00f1or-anillos-guardia-palacio-thranduil\" width=\"400\" height=\"222\" border=\"0\" \/><\/a><\/div>\n<p>&nbsp;<\/p>\n<div style=\"text-align: justify;\"><span style=\"color: #666666; line-height: 17px;\"><span style=\"font-family: Arial, Helvetica, sans-serif;\">\u00a0<\/span><\/span><\/div>\n<div style=\"text-align: justify;\"><span style=\"background-color: white; color: #666666; line-height: 17px;\"><span style=\"font-family: Arial, Helvetica, sans-serif;\">Solo podemos lamentar que estos chicos no se prodiguen a\u00fan m\u00e1s. Cada una de sus publicaciones nos inspira e infunde fuerzas para tratar de ir un poco m\u00e1s lejos cada vez.<\/span><\/span><\/div>\n<div style=\"text-align: justify;\"><span style=\"background-color: white; color: #666666; line-height: 17px;\"><span style=\"font-family: Arial, Helvetica, sans-serif;\">\u00a0<\/span><\/span><\/div>\n<div style=\"text-align: justify;\"><span style=\"background-color: white; color: #666666; line-height: 17px;\"><span style=\"font-family: Arial, Helvetica, sans-serif;\">\u00a0<\/span><\/span><\/div>\n<p>&nbsp;<\/p>\n<div style=\"text-align: justify;\"><\/div>\n","protected":false},"excerpt":{"rendered":"<p>A\u00fan con del estreno de El Hobbit: la Desolaci\u00f3n de Smaug en la cabeza, la entrada de hoy esta dedicada a las miniaturas de los Elfos del Bosque Negro. Hemos escogido una parte de la colecci\u00f3n del\u00a0Blog jomada-adventures.\u00a0Ya os hemos hablado anteriormente de ellos elogiando tanto a La Compa\u00f1\u00eda de Thorin Escudo de Roble\u00a0como al \u00a0impresionante Ej\u00e9rcito de la Casa de Mormont. \u00a0 \u00a0 Las miniaturas de El Se\u00f1or de los Anillos han sido muy duramente criticadas \u00faltimamente en la globosfera, sobre todo por la escultura. Lo cierto es [&hellip;]<\/p>\n","protected":false},"author":1,"featured_media":6823,"comment_status":"open","ping_status":"open","sticky":false,"template":"","format":"standard","meta":{"footnotes":""},"categories":[1],"tags":[],"yoast_head":"<!-- This site is optimized with the Yoast SEO plugin v22.0 - https:\/\/yoast.com\/wordpress\/plugins\/seo\/ -->\n<title>Thranduil y los elfos de la Guardia de Palacio del Bosque Negro | LastSword Forge<\/title>\n<meta name=\"description\" content=\"A\u00fan con del estreno de El Hobbit: la Desolaci\u00f3n de Smaug en la cabeza, la entrada de hoy esta dedicada a las miniaturas de los Elfos del Bosque Negro.\" \/>\n<meta name=\"robots\" content=\"index, follow, max-snippet:-1, max-image-preview:large, max-video-preview:-1\" \/>\n<link rel=\"canonical\" href=\"https:\/\/blog.lastsword.com\/es\/la-miniatura-de-la-semana-thranduil-y\/\" \/>\n<meta property=\"og:locale\" content=\"es_ES\" \/>\n<meta property=\"og:type\" content=\"article\" \/>\n<meta property=\"og:title\" content=\"Thranduil y los elfos de la Guardia de Palacio del Bosque Negro | LastSword Forge\" \/>\n<meta property=\"og:description\" content=\"A\u00fan con del estreno de El Hobbit: la Desolaci\u00f3n de Smaug en la cabeza, la entrada de hoy esta dedicada a las miniaturas de los Elfos del Bosque Negro.\" \/>\n<meta property=\"og:url\" content=\"https:\/\/blog.lastsword.com\/es\/la-miniatura-de-la-semana-thranduil-y\/\" \/>\n<meta property=\"og:site_name\" content=\"LastSword Forge\" \/>\n<meta property=\"article:published_time\" content=\"2013-12-15T13:11:00+00:00\" \/>\n<meta property=\"article:modified_time\" content=\"2017-12-06T22:10:08+00:00\" \/>\n<meta property=\"og:image\" content=\"https:\/\/blog.lastsword.com\/wp-content\/uploads\/2013\/12\/portada-elfos-bosque-negro-hobbit-smaug.jpg\" \/>\n\t<meta property=\"og:image:width\" content=\"500\" \/>\n\t<meta property=\"og:image:height\" content=\"214\" \/>\n\t<meta property=\"og:image:type\" content=\"image\/jpeg\" \/>\n<meta name=\"author\" content=\"oscar lopez\" \/>\n<meta name=\"twitter:card\" content=\"summary_large_image\" \/>\n<meta name=\"twitter:label1\" content=\"Escrito por\" \/>\n\t<meta name=\"twitter:data1\" content=\"oscar lopez\" \/>\n\t<meta name=\"twitter:label2\" content=\"Tiempo de lectura\" \/>\n\t<meta name=\"twitter:data2\" content=\"2 minutos\" \/>\n<script type=\"application\/ld+json\" class=\"yoast-schema-graph\">{\"@context\":\"https:\/\/schema.org\",\"@graph\":[{\"@type\":\"WebPage\",\"@id\":\"https:\/\/blog.lastsword.com\/es\/la-miniatura-de-la-semana-thranduil-y\/\",\"url\":\"https:\/\/blog.lastsword.com\/es\/la-miniatura-de-la-semana-thranduil-y\/\",\"name\":\"Thranduil y los elfos de la Guardia de Palacio del Bosque Negro | LastSword Forge\",\"isPartOf\":{\"@id\":\"https:\/\/blog.lastsword.com\/es\/#website\"},\"datePublished\":\"2013-12-15T13:11:00+00:00\",\"dateModified\":\"2017-12-06T22:10:08+00:00\",\"author\":{\"@id\":\"https:\/\/blog.lastsword.com\/es\/#\/schema\/person\/df62b997f2337aff761208f149291485\"},\"description\":\"A\u00fan con del estreno de El Hobbit: la Desolaci\u00f3n de Smaug en la cabeza, la entrada de hoy esta dedicada a las miniaturas de los Elfos del Bosque Negro.\",\"breadcrumb\":{\"@id\":\"https:\/\/blog.lastsword.com\/es\/la-miniatura-de-la-semana-thranduil-y\/#breadcrumb\"},\"inLanguage\":\"es\",\"potentialAction\":[{\"@type\":\"ReadAction\",\"target\":[\"https:\/\/blog.lastsword.com\/es\/la-miniatura-de-la-semana-thranduil-y\/\"]}]},{\"@type\":\"BreadcrumbList\",\"@id\":\"https:\/\/blog.lastsword.com\/es\/la-miniatura-de-la-semana-thranduil-y\/#breadcrumb\",\"itemListElement\":[{\"@type\":\"ListItem\",\"position\":1,\"name\":\"Home\",\"item\":\"https:\/\/blog.lastsword.com\/es\/\"},{\"@type\":\"ListItem\",\"position\":2,\"name\":\"Thranduil y los elfos de la Guardia de Palacio del Bosque Negro\"}]},{\"@type\":\"WebSite\",\"@id\":\"https:\/\/blog.lastsword.com\/es\/#website\",\"url\":\"https:\/\/blog.lastsword.com\/es\/\",\"name\":\"LastSword Forge\",\"description\":\"News about Miniatures &amp; Wargames\",\"potentialAction\":[{\"@type\":\"SearchAction\",\"target\":{\"@type\":\"EntryPoint\",\"urlTemplate\":\"https:\/\/blog.lastsword.com\/es\/?s={search_term_string}\"},\"query-input\":\"required name=search_term_string\"}],\"inLanguage\":\"es\"},{\"@type\":\"Person\",\"@id\":\"https:\/\/blog.lastsword.com\/es\/#\/schema\/person\/df62b997f2337aff761208f149291485\",\"name\":\"oscar lopez\",\"image\":{\"@type\":\"ImageObject\",\"inLanguage\":\"es\",\"@id\":\"https:\/\/blog.lastsword.com\/es\/#\/schema\/person\/image\/\",\"url\":\"https:\/\/secure.gravatar.com\/avatar\/ad516503a11cd5ca435acc9bb6523536?s=150&#038;d=mm&#038;r=gforcedefault=1\",\"contentUrl\":\"https:\/\/secure.gravatar.com\/avatar\/ad516503a11cd5ca435acc9bb6523536?s=150&#038;d=mm&#038;r=gforcedefault=1\",\"caption\":\"oscar lopez\"},\"description\":\"He aqu\u00ed la fuerza motriz del blog y por quien El Canto de las Espadas existe. Asdarel pinta y realiza las fotograf\u00edas de estudio de las miniaturas y escenograf\u00eda que os mostramos en el blog.\",\"url\":\"https:\/\/blog.lastsword.com\/es\/author\/asdarel\/\"}]}<\/script>\n<!-- \/ Yoast SEO plugin. -->","yoast_head_json":{"title":"Thranduil y los elfos de la Guardia de Palacio del Bosque Negro | LastSword Forge","description":"A\u00fan con del estreno de El Hobbit: la Desolaci\u00f3n de Smaug en la cabeza, la entrada de hoy esta dedicada a las miniaturas de los Elfos del Bosque Negro.","robots":{"index":"index","follow":"follow","max-snippet":"max-snippet:-1","max-image-preview":"max-image-preview:large","max-video-preview":"max-video-preview:-1"},"canonical":"https:\/\/blog.lastsword.com\/es\/la-miniatura-de-la-semana-thranduil-y\/","og_locale":"es_ES","og_type":"article","og_title":"Thranduil y los elfos de la Guardia de Palacio del Bosque Negro | LastSword Forge","og_description":"A\u00fan con del estreno de El Hobbit: la Desolaci\u00f3n de Smaug en la cabeza, la entrada de hoy esta dedicada a las miniaturas de los Elfos del Bosque Negro.","og_url":"https:\/\/blog.lastsword.com\/es\/la-miniatura-de-la-semana-thranduil-y\/","og_site_name":"LastSword Forge","article_published_time":"2013-12-15T13:11:00+00:00","article_modified_time":"2017-12-06T22:10:08+00:00","og_image":[{"width":500,"height":214,"url":"https:\/\/blog.lastsword.com\/wp-content\/uploads\/2013\/12\/portada-elfos-bosque-negro-hobbit-smaug.jpg","type":"image\/jpeg"}],"author":"oscar lopez","twitter_card":"summary_large_image","twitter_misc":{"Escrito por":"oscar lopez","Tiempo de lectura":"2 minutos"},"schema":{"@context":"https:\/\/schema.org","@graph":[{"@type":"WebPage","@id":"https:\/\/blog.lastsword.com\/es\/la-miniatura-de-la-semana-thranduil-y\/","url":"https:\/\/blog.lastsword.com\/es\/la-miniatura-de-la-semana-thranduil-y\/","name":"Thranduil y los elfos de la Guardia de Palacio del Bosque Negro | LastSword Forge","isPartOf":{"@id":"https:\/\/blog.lastsword.com\/es\/#website"},"datePublished":"2013-12-15T13:11:00+00:00","dateModified":"2017-12-06T22:10:08+00:00","author":{"@id":"https:\/\/blog.lastsword.com\/es\/#\/schema\/person\/df62b997f2337aff761208f149291485"},"description":"A\u00fan con del estreno de El Hobbit: la Desolaci\u00f3n de Smaug en la cabeza, la entrada de hoy esta dedicada a las miniaturas de los Elfos del Bosque Negro.","breadcrumb":{"@id":"https:\/\/blog.lastsword.com\/es\/la-miniatura-de-la-semana-thranduil-y\/#breadcrumb"},"inLanguage":"es","potentialAction":[{"@type":"ReadAction","target":["https:\/\/blog.lastsword.com\/es\/la-miniatura-de-la-semana-thranduil-y\/"]}]},{"@type":"BreadcrumbList","@id":"https:\/\/blog.lastsword.com\/es\/la-miniatura-de-la-semana-thranduil-y\/#breadcrumb","itemListElement":[{"@type":"ListItem","position":1,"name":"Home","item":"https:\/\/blog.lastsword.com\/es\/"},{"@type":"ListItem","position":2,"name":"Thranduil y los elfos de la Guardia de Palacio del Bosque Negro"}]},{"@type":"WebSite","@id":"https:\/\/blog.lastsword.com\/es\/#website","url":"https:\/\/blog.lastsword.com\/es\/","name":"LastSword Forge","description":"News about Miniatures &amp; Wargames","potentialAction":[{"@type":"SearchAction","target":{"@type":"EntryPoint","urlTemplate":"https:\/\/blog.lastsword.com\/es\/?s={search_term_string}"},"query-input":"required name=search_term_string"}],"inLanguage":"es"},{"@type":"Person","@id":"https:\/\/blog.lastsword.com\/es\/#\/schema\/person\/df62b997f2337aff761208f149291485","name":"oscar lopez","image":{"@type":"ImageObject","inLanguage":"es","@id":"https:\/\/blog.lastsword.com\/es\/#\/schema\/person\/image\/","url":"https:\/\/secure.gravatar.com\/avatar\/ad516503a11cd5ca435acc9bb6523536?s=150&#038;d=mm&#038;r=gforcedefault=1","contentUrl":"https:\/\/secure.gravatar.com\/avatar\/ad516503a11cd5ca435acc9bb6523536?s=150&#038;d=mm&#038;r=gforcedefault=1","caption":"oscar lopez"},"description":"He aqu\u00ed la fuerza motriz del blog y por quien El Canto de las Espadas existe. Asdarel pinta y realiza las fotograf\u00edas de estudio de las miniaturas y escenograf\u00eda que os mostramos en el blog.","url":"https:\/\/blog.lastsword.com\/es\/author\/asdarel\/"}]}},"_links":{"self":[{"href":"https:\/\/blog.lastsword.com\/es\/wp-json\/wp\/v2\/posts\/6246"}],"collection":[{"href":"https:\/\/blog.lastsword.com\/es\/wp-json\/wp\/v2\/posts"}],"about":[{"href":"https:\/\/blog.lastsword.com\/es\/wp-json\/wp\/v2\/types\/post"}],"author":[{"embeddable":true,"href":"https:\/\/blog.lastsword.com\/es\/wp-json\/wp\/v2\/users\/1"}],"replies":[{"embeddable":true,"href":"https:\/\/blog.lastsword.com\/es\/wp-json\/wp\/v2\/comments?post=6246"}],"version-history":[{"count":3,"href":"https:\/\/blog.lastsword.com\/es\/wp-json\/wp\/v2\/posts\/6246\/revisions"}],"predecessor-version":[{"id":16155,"href":"https:\/\/blog.lastsword.com\/es\/wp-json\/wp\/v2\/posts\/6246\/revisions\/16155"}],"wp:featuredmedia":[{"embeddable":true,"href":"https:\/\/blog.lastsword.com\/es\/wp-json\/wp\/v2\/media\/6823"}],"wp:attachment":[{"href":"https:\/\/blog.lastsword.com\/es\/wp-json\/wp\/v2\/media?parent=6246"}],"wp:term":[{"taxonomy":"category","embeddable":true,"href":"https:\/\/blog.lastsword.com\/es\/wp-json\/wp\/v2\/categories?post=6246"},{"taxonomy":"post_tag","embeddable":true,"href":"https:\/\/blog.lastsword.com\/es\/wp-json\/wp\/v2\/tags?post=6246"}],"curies":[{"name":"wp","href":"https:\/\/api.w.org\/{rel}","templated":true}]}}